{"id":2352,"date":"2025-07-16T17:55:43","date_gmt":"2025-07-16T15:55:43","guid":{"rendered":"https:\/\/www.capsule.hu\/?p=2352"},"modified":"2025-07-16T17:55:43","modified_gmt":"2025-07-16T15:55:43","slug":"az-ai-helyzete-a-magyar-kkv-szektorban","status":"publish","type":"post","link":"https:\/\/www.capsule.hu\/en\/az-ai-helyzete-a-magyar-kkv-szektorban\/","title":{"rendered":"Az AI helyzete a Magyar KKV szektorban"},"content":{"rendered":"<p>A mesters\u00e9ges intelligencia (AI) m\u00e1r nem a j\u00f6v\u0151, hanem a jelen technol\u00f3gi\u00e1ja. De vajon hol tartanak a magyar kis- \u00e9s k\u00f6z\u00e9pv\u00e1llalkoz\u00e1sok (KKV-k) az AI alkalmaz\u00e1s\u00e1ban? Val\u00f3ban \u00e9rdemes vele foglalkozni? Ebben a cikkben k\u00e9zzelfoghat\u00f3 p\u00e9ld\u00e1kon kereszt\u00fcl mutatom be, mi\u00e9rt \u00e9s hogyan \u00e9rdemes a magyar v\u00e1llalkoz\u00e1soknak is belev\u00e1gni az AI haszn\u00e1lat\u00e1ba.<\/p>\n\n\n\n<h2 class=\"wp-block-heading\">Hol tart most az AI Magyarorsz\u00e1gon?<\/h2>\n\n\n\n<p>Az AI technol\u00f3gi\u00e1k alkalmaz\u00e1sa ter\u00e9n Magyarorsz\u00e1g m\u00e9g elmarad\u00e1sban van az EU-\u00e1tlaghoz k\u00e9pest <\/p>\n\n\n\n<figure class=\"wp-block-image aligncenter size-full has-custom-border is-style-default\"><img loading=\"lazy\" decoding=\"async\" width=\"488\" height=\"410\" src=\"https:\/\/www.capsule.hu\/wp-content\/uploads\/2025\/07\/Kepernyofoto-2025-07-08-10.13.21.png\" alt=\"\" class=\"wp-image-2353\" style=\"border-radius:50px\" srcset=\"https:\/\/www.capsule.hu\/wp-content\/uploads\/2025\/07\/Kepernyofoto-2025-07-08-10.13.21.png 488w, https:\/\/www.capsule.hu\/wp-content\/uploads\/2025\/07\/Kepernyofoto-2025-07-08-10.13.21-300x252.png 300w\" sizes=\"auto, (max-width: 488px) 100vw, 488px\" \/><\/figure>\n\n\n\n<p>A Magyar KKV-k AI haszn\u00e1lata 7%-ra becs\u00fclhet\u0151, m\u00edg az EU \u00e1tlag 13% k\u00f6r\u00fcl mozog. A nagyv\u00e1llalatok eset\u00e9ben is elvagyunk maradva az EU 35%-hoz k\u00e9pes 23% k\u00f6r\u00fcl mozognak a magyar nagyv\u00e1llalatok.<\/p>\n\n\n\n<p>A magyar c\u00e9gek t\u00f6bbs\u00e9ge m\u00e9g ismerkedik az AI-vel, sokan nincsenek tiszt\u00e1ban a lehet\u0151s\u00e9gekkel, viszont m\u00e1r \u00e9rz\u00e9kelhet\u0151 az \u00e9rdekl\u0151d\u00e9s n\u00f6veked\u00e9se.<\/p>\n\n\n\n<h2 class=\"wp-block-heading\">Hol haszn\u00e1lj\u00e1k m\u00e1r most is az AI-t a magyar KKV?<\/h2>\n\n\n\n<p>H\u00e1rom f\u0151 ter\u00fcleten a legn\u00e9pszer\u0171bb az AI alkalmaz\u00e1sa:<\/p>\n\n\n\n<ul class=\"wp-block-list\">\n<li><strong>\u00dcgyf\u00e9lszolg\u00e1lati feladatok automatiz\u00e1ci\u00f3ja<\/strong>\n<ul class=\"wp-block-list\">\n<li>AI-alap\u00fa chatbotok (web\u00e1ruh\u00e1zak, szolg\u00e1ltat\u00f3k)<\/li>\n\n\n\n<li>Virtu\u00e1lis asszisztensek (pl. telefonos men\u00fcrendszerek)<\/li>\n<\/ul>\n<\/li>\n\n\n\n<li><strong>Marketing feladatok t\u00e1mogat\u00e1sa<\/strong>\n<ul class=\"wp-block-list\">\n<li>Sz\u00f6veg\u00edr\u00f3 eszk\u00f6z\u00f6k (blogok, k\u00f6z\u00f6ss\u00e9gi m\u00e9dia posztok)<\/li>\n\n\n\n<li>Hirdet\u00e9soptimaliz\u00e1l\u00e1s<\/li>\n\n\n\n<li>\u00dcgyf\u00e9ladatok AI-alap\u00fa elemz\u00e9se, szem\u00e9lyre szabott aj\u00e1nlatok<\/li>\n<\/ul>\n<\/li>\n\n\n\n<li><strong>Adminisztr\u00e1ci\u00f3s terhek cs\u00f6kkent\u00e9se<\/strong>\n<ul class=\"wp-block-list\">\n<li>Sz\u00e1ml\u00e1z\u00e1s, adatfeldolgoz\u00e1s automatiz\u00e1l\u00e1sa<\/li>\n\n\n\n<li>D\u00f6nt\u00e9st\u00e1mogat\u00e1s, trendek felismer\u00e9se<\/li>\n\n\n\n<li>Dokumentumok ford\u00edt\u00e1sa \u00e9s \u00f6sszefoglal\u00e1sa<\/li>\n<\/ul>\n<\/li>\n<\/ul>\n\n\n\n<figure class=\"wp-block-image size-full has-custom-border\"><img loading=\"lazy\" decoding=\"async\" width=\"1024\" height=\"1024\" src=\"https:\/\/www.capsule.hu\/wp-content\/uploads\/2025\/07\/image_ai_in_corp_1-1.png\" alt=\"\" class=\"wp-image-2358\" style=\"border-radius:50px\" srcset=\"https:\/\/www.capsule.hu\/wp-content\/uploads\/2025\/07\/image_ai_in_corp_1-1.png 1024w, https:\/\/www.capsule.hu\/wp-content\/uploads\/2025\/07\/image_ai_in_corp_1-1-300x300.png 300w, https:\/\/www.capsule.hu\/wp-content\/uploads\/2025\/07\/image_ai_in_corp_1-1-100x100.png 100w, https:\/\/www.capsule.hu\/wp-content\/uploads\/2025\/07\/image_ai_in_corp_1-1-600x600.png 600w, https:\/\/www.capsule.hu\/wp-content\/uploads\/2025\/07\/image_ai_in_corp_1-1-500x500.png 500w, https:\/\/www.capsule.hu\/wp-content\/uploads\/2025\/07\/image_ai_in_corp_1-1-150x150.png 150w, https:\/\/www.capsule.hu\/wp-content\/uploads\/2025\/07\/image_ai_in_corp_1-1-768x768.png 768w\" sizes=\"auto, (max-width: 1024px) 100vw, 1024px\" \/><\/figure>\n\n\n\n<h2 class=\"wp-block-heading\">A digitaliz\u00e1ci\u00f3 \u00e9s AI bevezet\u00e9sek jelenleg t\u00e1mogatott folyamatok<\/h2>\n\n\n\n<p><em>A 2025 j\u00faniusi \u00e1llapot szerint<\/em><\/p>\n\n\n\n<p>A j\u00f3 h\u00edr, hogy nem kell egyed\u00fcl nekiv\u00e1gni. A magyar \u00e1llam \u00e9s az EU sz\u00e1mos t\u00e1mogat\u00e1st biztos\u00edt:<\/p>\n\n\n\n<ul class=\"wp-block-list\">\n<li><strong>Nemzeti AI Strat\u00e9gia:<\/strong>\n<ul class=\"wp-block-list\">\n<li>C\u00e9l: Magyarorsz\u00e1g AI-\u00e9lvonalba ker\u00fcl\u00e9se 2030-ra<\/li>\n\n\n\n<li>K\u00e9pz\u00e9si programok, online kurzusok, mentor\u00e1l\u00e1s<\/li>\n\n\n\n<li>Beruh\u00e1z\u00e1sok AI-infrastrukt\u00far\u00e1ba (szupersz\u00e1m\u00edt\u00f3g\u00e9pek)<\/li>\n<\/ul>\n<\/li>\n\n\n\n<li><strong>K\u00e9pz\u00e9si programok:<\/strong>\n<ul class=\"wp-block-list\">\n<li>\u201eDigit\u00e1lis \u00c9breszt\u0151\u201d (MKIK) \u2013 KKV vezet\u0151k k\u00e9pz\u00e9se<\/li>\n\n\n\n<li>\u201eMI Kih\u00edv\u00e1s\u201d \u2013 ingyenes AI alapoz\u00f3 k\u00e9pz\u00e9s<\/li>\n\n\n\n<li>IVSZ ingyenes k\u00e9pz\u00e9sei (pl. EDIH k\u00f6zpontok \u00e1ltal)<\/li>\n<\/ul>\n<\/li>\n\n\n\n<li><strong>P\u00e9nz\u00fcgyi t\u00e1mogat\u00e1sok:<\/strong>\n<ul class=\"wp-block-list\">\n<li>Modern V\u00e1llalkoz\u00e1sok Programja (digitaliz\u00e1ci\u00f3 t\u00e1mogat\u00e1sa)<\/li>\n\n\n\n<li>Demj\u00e1n S\u00e1ndor 1+1 Program (digit\u00e1lis beruh\u00e1z\u00e1sok t\u00e1mogat\u00e1sa)<\/li>\n<\/ul>\n<\/li>\n\n\n\n<li><strong>EU-s t\u00e1mogat\u00e1sok:<\/strong>\n<ul class=\"wp-block-list\">\n<li>Eur\u00f3pai Digit\u00e1lis Innov\u00e1ci\u00f3s K\u00f6zpontok (EDIH)<\/li>\n\n\n\n<li>Digital Europe \u00e9s Horizont Eur\u00f3pa programok<\/li>\n<\/ul>\n<\/li>\n<\/ul>\n\n\n\n<h2 class=\"wp-block-heading\">Mire sz\u00e1m\u00edthatunk a k\u00f6vetkez\u0151 5 \u00e9vben?<\/h2>\n\n\n\n<p>Az AI-haszn\u00e1lat v\u00e1rhat\u00f3an gyorsan fog n\u00f6vekedni. Mire sz\u00e1m\u00edthatunk?<\/p>\n\n\n\n<ul class=\"wp-block-list\">\n<li><strong>Gyorsabb elterjed\u00e9s:<\/strong>\n<ul class=\"wp-block-list\">\n<li>2030-ra a KKV-k 24%-a is haszn\u00e1lhat AI-t.<\/li>\n\n\n\n<li>Egyszer\u0171, \u201edobozos\u201d AI-megold\u00e1sok elterjed\u00e9se.<\/li>\n<\/ul>\n<\/li>\n\n\n\n<li><strong>Magyar nyelv\u0171 AI modellek:<\/strong>\n<ul class=\"wp-block-list\">\n<li>Jobb min\u0151s\u00e9g\u0171 magyar chatbotok, asszisztensek (PULI, HuGME modellek)<\/li>\n\n\n\n<li>Magyar nyelvi sz\u00f6veganalitika fejl\u0151d\u00e9se<\/li>\n<\/ul>\n<\/li>\n\n\n\n<li><strong>\u00daj \u00fczleti modellek:<\/strong>\n<ul class=\"wp-block-list\">\n<li>AI-alap\u00fa kieg\u00e9sz\u00edt\u0151 szolg\u00e1ltat\u00e1sok megjelen\u00e9se<\/li>\n\n\n\n<li>Fokoz\u00f3d\u00f3 verseny: aki lemarad, h\u00e1tr\u00e1nyba ker\u00fclhet<\/li>\n<\/ul>\n<\/li>\n\n\n\n<li><strong>Szab\u00e1lyoz\u00e1si k\u00f6rnyezet (AI Act):<\/strong>\n<ul class=\"wp-block-list\">\n<li>2025-t\u0151l \u00faj EU-s AI-szab\u00e1lyoz\u00e1s<\/li>\n\n\n\n<li>Kock\u00e1zatalap\u00fa kategoriz\u00e1l\u00e1s<\/li>\n\n\n\n<li>Komoly hangs\u00faly az \u00e1tl\u00e1that\u00f3s\u00e1gon \u00e9s etik\u00e1n<\/li>\n<\/ul>\n<\/li>\n\n\n\n<li><strong>Emberi t\u00e9nyez\u0151:<\/strong>\n<ul class=\"wp-block-list\">\n<li>AI k\u00e9pz\u00e9sek fontoss\u00e1ga<\/li>\n\n\n\n<li>\u00daj munkak\u00f6r\u00f6k l\u00e9trej\u00f6tte<\/li>\n\n\n\n<li>A munkahelyi kult\u00fara alak\u00edt\u00e1sa<\/li>\n<\/ul>\n<\/li>\n<\/ul>\n\n\n\n<figure class=\"wp-block-image size-full has-custom-border\"><img loading=\"lazy\" decoding=\"async\" width=\"1024\" height=\"1024\" src=\"https:\/\/www.capsule.hu\/wp-content\/uploads\/2025\/07\/image_ai_in_corp_2.png\" alt=\"\" class=\"wp-image-2359\" style=\"border-radius:50px\" srcset=\"https:\/\/www.capsule.hu\/wp-content\/uploads\/2025\/07\/image_ai_in_corp_2.png 1024w, https:\/\/www.capsule.hu\/wp-content\/uploads\/2025\/07\/image_ai_in_corp_2-300x300.png 300w, https:\/\/www.capsule.hu\/wp-content\/uploads\/2025\/07\/image_ai_in_corp_2-100x100.png 100w, https:\/\/www.capsule.hu\/wp-content\/uploads\/2025\/07\/image_ai_in_corp_2-600x600.png 600w, https:\/\/www.capsule.hu\/wp-content\/uploads\/2025\/07\/image_ai_in_corp_2-500x500.png 500w, https:\/\/www.capsule.hu\/wp-content\/uploads\/2025\/07\/image_ai_in_corp_2-150x150.png 150w, https:\/\/www.capsule.hu\/wp-content\/uploads\/2025\/07\/image_ai_in_corp_2-768x768.png 768w\" sizes=\"auto, (max-width: 1024px) 100vw, 1024px\" \/><\/figure>\n\n\n\n<h2 class=\"wp-block-heading\">\u00d6sszefoglalva<\/h2>\n\n\n\n<p>Az AI nem a t\u00e1voli j\u00f6v\u0151, hanem a jelen \u00fczleti lehet\u0151s\u00e9ge. A magyar KKV-k sz\u00e1m\u00e1ra most m\u00e9g nyitott a lehet\u0151s\u00e9g, hogy az els\u0151k k\u00f6z\u00f6tt haszn\u00e1lj\u00e1k ki a technol\u00f3gia el\u0151nyeit. A t\u00e1mogat\u00e1sok rendelkez\u00e9sre \u00e1llnak, a technol\u00f3gia fejl\u0151dik, a lehet\u0151s\u00e9gek adottak. Aki id\u0151ben l\u00e9p, jelent\u0151s versenyel\u0151nyt szerezhet.<\/p>\n\n\n\n<p>Nem kell r\u00f6gt\u00f6n nagyban kezdeni: apr\u00f3, megfontolt l\u00e9p\u00e9sekkel is be lehet sz\u00e1llni az AI vil\u00e1g\u00e1ba. A l\u00e9nyeg a nyitotts\u00e1g, tanul\u00e1s, \u00e9s az els\u0151 l\u00e9p\u00e9sek megt\u00e9tele.<\/p>\n\n\n\n<p>A k\u00e9rd\u00e9s nem az, hogy \u00e9rdemes-e bevezetni az AI-t, hanem hogy mikor tessz\u00fck meg. Min\u00e9l el\u0151bb indulunk el, ann\u00e1l nagyobb lesz az es\u00e9ly\u00fcnk arra, hogy sikeres, hat\u00e9kony \u00e9s versenyk\u00e9pes v\u00e1llalkoz\u00e1st \u00e9p\u00edts\u00fcnk.<\/p>\n\n\n\n<figure class=\"wp-block-pullquote has-text-align-center\"><blockquote><p><em>Ideje felsz\u00e1llni az AI-vonatra, miel\u0151tt t\u00fal messzire menne n\u00e9lk\u00fcled!<\/em> \ud83d\ude80<\/p><\/blockquote><\/figure>\n\n\n\n<p><\/p>\n\n\n\n<h3 class=\"wp-block-heading\">Hogyan t\u00e1mogatja a digitaliz\u00e1ci\u00f3s \u00e9s AI \u00e1t\u00e1ll\u00e1si folyamtokat a Capsule csapata?<\/h3>\n\n\n\n<p>A Capsule csapatak\u00e9nt egyedi szoftverfejleszt\u00e9si, automatiz\u00e1ci\u00f3s \u00e9s mesters\u00e9ges intelligencia megold\u00e1sokat k\u00edn\u00e1lunk a magyar KKV szektor sz\u00e1m\u00e1ra. Meggy\u0151z\u0151d\u00e9s\u00fcnk, hogy az AI nemcsak a nagyv\u00e1llalatok kiv\u00e1lts\u00e1ga, hanem minden v\u00e1llalkoz\u00e1s sz\u00e1m\u00e1ra el\u00e9rhet\u0151 \u00e9s hasznos technol\u00f3gia lehet. Szolg\u00e1ltat\u00e1saink k\u00f6z\u00e9 tartoznak a szem\u00e9lyre szabott AI-alap\u00fa megold\u00e1sok fejleszt\u00e9se, \u00fczleti folyamatok automatiz\u00e1l\u00e1sa, valamint AI bevezet\u00e9si \u00e9s digitaliz\u00e1ci\u00f3s k\u00e9pz\u00e9sek szervez\u00e9se. Szak\u00e9rt\u0151 csapatunkkal minden v\u00e1llalkoz\u00e1st l\u00e9p\u00e9sr\u0151l l\u00e9p\u00e9sre t\u00e1mogatunk a sikeres digit\u00e1lis \u00e1t\u00e1ll\u00e1s \u00fatj\u00e1n.<\/p>\n\n\n\n<p>Ha szeretn\u00e9l egy \u00e1tfog\u00f3 k\u00e9pet kapni arr\u00f3l, hogyan haszn\u00e1lhatj\u00e1tok az AI-t a saj\u00e1t ig\u00e9nyeitekre szabva jelentkezzetek szem\u00e9lyre szabott k\u00e9pz\u00e9s\u00fcnkre:<\/p>\n\n\n\n<div class=\"wp-block-buttons is-layout-flex wp-block-buttons-is-layout-flex\">\n<div class=\"wp-block-button has-custom-width wp-block-button__width-100 is-style-fill\"><a class=\"wp-block-button__link has-large-font-size has-custom-font-size wp-element-button\" href=\"\/en\/ai-kepzes\/\" style=\"border-radius:0px\">MI a modern munkak\u00f6rnyezetben<\/a><\/div>\n<\/div>\n\n\n\n<p><\/p>","protected":false},"excerpt":{"rendered":"<p>A mesters\u00e9ges intelligencia (AI) m\u00e1r nem a j\u00f6v\u0151, hanem a jelen technol\u00f3gi\u00e1ja. De vajon hol tartanak a magyar kis- \u00e9s k\u00f6z\u00e9pv\u00e1llalkoz\u00e1sok (KKV-k) az AI alkalmaz\u00e1s\u00e1ban? Val\u00f3ban \u00e9rdemes vele foglalkozni? Ebben a cikkben k\u00e9zzelfoghat\u00f3 p\u00e9ld\u00e1kon kereszt\u00fcl mutatom be, mi\u00e9rt \u00e9s hogyan \u00e9rdemes a magyar v\u00e1llalkoz\u00e1soknak is belev\u00e1gni az AI haszn\u00e1lat\u00e1ba. Hol tart most az AI Magyarorsz\u00e1gon? [&hellip;]<\/p>","protected":false},"author":1,"featured_media":2358,"comment_status":"closed","ping_status":"closed","sticky":false,"template":"","format":"standard","meta":{"_themeisle_gutenberg_block_has_review":false,"footnotes":""},"categories":[1],"tags":[],"class_list":["post-2352","post","type-post","status-publish","format-standard","has-post-thumbnail","hentry","category-egyeb"],"blocksy_meta":[],"yoast_head":"<!-- This site is optimized with the Yoast SEO plugin v27.1.1 - https:\/\/yoast.com\/product\/yoast-seo-wordpress\/ -->\n<title>Az AI helyzete a Magyar KKV szektorban - Capsule<\/title>\n<meta name=\"robots\" content=\"index, follow, max-snippet:-1, max-image-preview:large, max-video-preview:-1\" \/>\n<link rel=\"canonical\" href=\"https:\/\/www.capsule.hu\/en\/az-ai-helyzete-a-magyar-kkv-szektorban\/\" \/>\n<meta property=\"og:locale\" content=\"en_GB\" \/>\n<meta property=\"og:type\" content=\"article\" \/>\n<meta property=\"og:title\" content=\"Az AI helyzete a Magyar KKV szektorban - Capsule\" \/>\n<meta property=\"og:description\" content=\"A mesters\u00e9ges intelligencia (AI) m\u00e1r nem a j\u00f6v\u0151, hanem a jelen technol\u00f3gi\u00e1ja. De vajon hol tartanak a magyar kis- \u00e9s k\u00f6z\u00e9pv\u00e1llalkoz\u00e1sok (KKV-k) az AI alkalmaz\u00e1s\u00e1ban? Val\u00f3ban \u00e9rdemes vele foglalkozni? Ebben a cikkben k\u00e9zzelfoghat\u00f3 p\u00e9ld\u00e1kon kereszt\u00fcl mutatom be, mi\u00e9rt \u00e9s hogyan \u00e9rdemes a magyar v\u00e1llalkoz\u00e1soknak is belev\u00e1gni az AI haszn\u00e1lat\u00e1ba. Hol tart most az AI Magyarorsz\u00e1gon? [&hellip;]\" \/>\n<meta property=\"og:url\" content=\"https:\/\/www.capsule.hu\/en\/az-ai-helyzete-a-magyar-kkv-szektorban\/\" \/>\n<meta property=\"og:site_name\" content=\"Capsule\" \/>\n<meta property=\"article:published_time\" content=\"2025-07-16T15:55:43+00:00\" \/>\n<meta property=\"og:image\" content=\"https:\/\/www.capsule.hu\/wp-content\/uploads\/2025\/07\/image_ai_in_corp_1-1.png\" \/>\n\t<meta property=\"og:image:width\" content=\"1024\" \/>\n\t<meta property=\"og:image:height\" content=\"1024\" \/>\n\t<meta property=\"og:image:type\" content=\"image\/png\" \/>\n<meta name=\"author\" content=\"admin\" \/>\n<meta name=\"twitter:card\" content=\"summary_large_image\" \/>\n<meta name=\"twitter:label1\" content=\"Written by\" \/>\n\t<meta name=\"twitter:data1\" content=\"admin\" \/>\n\t<meta name=\"twitter:label2\" content=\"Estimated reading time\" \/>\n\t<meta name=\"twitter:data2\" content=\"5 minutes\" \/>\n<script type=\"application\/ld+json\" class=\"yoast-schema-graph\">{\"@context\":\"https:\/\/schema.org\",\"@graph\":[{\"@type\":\"Article\",\"@id\":\"https:\/\/www.capsule.hu\/az-ai-helyzete-a-magyar-kkv-szektorban\/#article\",\"isPartOf\":{\"@id\":\"https:\/\/www.capsule.hu\/az-ai-helyzete-a-magyar-kkv-szektorban\/\"},\"author\":{\"name\":\"admin\",\"@id\":\"https:\/\/www.capsule.hu\/#\/schema\/person\/156c2badf90f1348e08b705e2cd3fa38\"},\"headline\":\"Az AI helyzete a Magyar KKV szektorban\",\"datePublished\":\"2025-07-16T15:55:43+00:00\",\"mainEntityOfPage\":{\"@id\":\"https:\/\/www.capsule.hu\/az-ai-helyzete-a-magyar-kkv-szektorban\/\"},\"wordCount\":917,\"publisher\":{\"@id\":\"https:\/\/www.capsule.hu\/#organization\"},\"image\":{\"@id\":\"https:\/\/www.capsule.hu\/az-ai-helyzete-a-magyar-kkv-szektorban\/#primaryimage\"},\"thumbnailUrl\":\"https:\/\/www.capsule.hu\/wp-content\/uploads\/2025\/07\/image_ai_in_corp_1-1.png\",\"articleSection\":[\"Egy\u00e9b\"],\"inLanguage\":\"en-GB\"},{\"@type\":\"WebPage\",\"@id\":\"https:\/\/www.capsule.hu\/az-ai-helyzete-a-magyar-kkv-szektorban\/\",\"url\":\"https:\/\/www.capsule.hu\/az-ai-helyzete-a-magyar-kkv-szektorban\/\",\"name\":\"Az AI helyzete a Magyar KKV szektorban - Capsule\",\"isPartOf\":{\"@id\":\"https:\/\/www.capsule.hu\/#website\"},\"primaryImageOfPage\":{\"@id\":\"https:\/\/www.capsule.hu\/az-ai-helyzete-a-magyar-kkv-szektorban\/#primaryimage\"},\"image\":{\"@id\":\"https:\/\/www.capsule.hu\/az-ai-helyzete-a-magyar-kkv-szektorban\/#primaryimage\"},\"thumbnailUrl\":\"https:\/\/www.capsule.hu\/wp-content\/uploads\/2025\/07\/image_ai_in_corp_1-1.png\",\"datePublished\":\"2025-07-16T15:55:43+00:00\",\"breadcrumb\":{\"@id\":\"https:\/\/www.capsule.hu\/az-ai-helyzete-a-magyar-kkv-szektorban\/#breadcrumb\"},\"inLanguage\":\"en-GB\",\"potentialAction\":[{\"@type\":\"ReadAction\",\"target\":[\"https:\/\/www.capsule.hu\/az-ai-helyzete-a-magyar-kkv-szektorban\/\"]}]},{\"@type\":\"ImageObject\",\"inLanguage\":\"en-GB\",\"@id\":\"https:\/\/www.capsule.hu\/az-ai-helyzete-a-magyar-kkv-szektorban\/#primaryimage\",\"url\":\"https:\/\/www.capsule.hu\/wp-content\/uploads\/2025\/07\/image_ai_in_corp_1-1.png\",\"contentUrl\":\"https:\/\/www.capsule.hu\/wp-content\/uploads\/2025\/07\/image_ai_in_corp_1-1.png\",\"width\":1024,\"height\":1024},{\"@type\":\"BreadcrumbList\",\"@id\":\"https:\/\/www.capsule.hu\/az-ai-helyzete-a-magyar-kkv-szektorban\/#breadcrumb\",\"itemListElement\":[{\"@type\":\"ListItem\",\"position\":1,\"name\":\"Home\",\"item\":\"https:\/\/www.capsule.hu\/\"},{\"@type\":\"ListItem\",\"position\":2,\"name\":\"Az AI helyzete a Magyar KKV szektorban\"}]},{\"@type\":\"WebSite\",\"@id\":\"https:\/\/www.capsule.hu\/#website\",\"url\":\"https:\/\/www.capsule.hu\/\",\"name\":\"Capsule\",\"description\":\"okos megold\u00e1sok, egy kapszul\u00e1ban\",\"publisher\":{\"@id\":\"https:\/\/www.capsule.hu\/#organization\"},\"potentialAction\":[{\"@type\":\"SearchAction\",\"target\":{\"@type\":\"EntryPoint\",\"urlTemplate\":\"https:\/\/www.capsule.hu\/?s={search_term_string}\"},\"query-input\":{\"@type\":\"PropertyValueSpecification\",\"valueRequired\":true,\"valueName\":\"search_term_string\"}}],\"inLanguage\":\"en-GB\"},{\"@type\":\"Organization\",\"@id\":\"https:\/\/www.capsule.hu\/#organization\",\"name\":\"Capsule\",\"url\":\"https:\/\/www.capsule.hu\/\",\"logo\":{\"@type\":\"ImageObject\",\"inLanguage\":\"en-GB\",\"@id\":\"https:\/\/www.capsule.hu\/#\/schema\/logo\/image\/\",\"url\":\"https:\/\/www.capsule.hu\/wp-content\/uploads\/2023\/12\/Capsule-1.png\",\"contentUrl\":\"https:\/\/www.capsule.hu\/wp-content\/uploads\/2023\/12\/Capsule-1.png\",\"width\":519,\"height\":136,\"caption\":\"Capsule\"},\"image\":{\"@id\":\"https:\/\/www.capsule.hu\/#\/schema\/logo\/image\/\"}},{\"@type\":\"Person\",\"@id\":\"https:\/\/www.capsule.hu\/#\/schema\/person\/156c2badf90f1348e08b705e2cd3fa38\",\"name\":\"admin\",\"image\":{\"@type\":\"ImageObject\",\"inLanguage\":\"en-GB\",\"@id\":\"https:\/\/www.capsule.hu\/#\/schema\/person\/image\/\",\"url\":\"https:\/\/secure.gravatar.com\/avatar\/e65a3511b5a9802fb5552e52d468242dc2c1b84dda51565701e83e3595c4499f?s=96&d=mm&r=g\",\"contentUrl\":\"https:\/\/secure.gravatar.com\/avatar\/e65a3511b5a9802fb5552e52d468242dc2c1b84dda51565701e83e3595c4499f?s=96&d=mm&r=g\",\"caption\":\"admin\"},\"sameAs\":[\"https:\/\/www.capsule.hu\"],\"url\":\"https:\/\/www.capsule.hu\/en\/author\/admin\/\"}]}<\/script>\n<!-- \/ Yoast SEO plugin. -->","yoast_head_json":{"title":"Az AI helyzete a Magyar KKV szektorban - Capsule","robots":{"index":"index","follow":"follow","max-snippet":"max-snippet:-1","max-image-preview":"max-image-preview:large","max-video-preview":"max-video-preview:-1"},"canonical":"https:\/\/www.capsule.hu\/en\/az-ai-helyzete-a-magyar-kkv-szektorban\/","og_locale":"en_GB","og_type":"article","og_title":"Az AI helyzete a Magyar KKV szektorban - Capsule","og_description":"A mesters\u00e9ges intelligencia (AI) m\u00e1r nem a j\u00f6v\u0151, hanem a jelen technol\u00f3gi\u00e1ja. De vajon hol tartanak a magyar kis- \u00e9s k\u00f6z\u00e9pv\u00e1llalkoz\u00e1sok (KKV-k) az AI alkalmaz\u00e1s\u00e1ban? Val\u00f3ban \u00e9rdemes vele foglalkozni? Ebben a cikkben k\u00e9zzelfoghat\u00f3 p\u00e9ld\u00e1kon kereszt\u00fcl mutatom be, mi\u00e9rt \u00e9s hogyan \u00e9rdemes a magyar v\u00e1llalkoz\u00e1soknak is belev\u00e1gni az AI haszn\u00e1lat\u00e1ba. Hol tart most az AI Magyarorsz\u00e1gon? [&hellip;]","og_url":"https:\/\/www.capsule.hu\/en\/az-ai-helyzete-a-magyar-kkv-szektorban\/","og_site_name":"Capsule","article_published_time":"2025-07-16T15:55:43+00:00","og_image":[{"width":1024,"height":1024,"url":"https:\/\/www.capsule.hu\/wp-content\/uploads\/2025\/07\/image_ai_in_corp_1-1.png","type":"image\/png"}],"author":"admin","twitter_card":"summary_large_image","twitter_misc":{"Written by":"admin","Estimated reading time":"5 minutes"},"schema":{"@context":"https:\/\/schema.org","@graph":[{"@type":"Article","@id":"https:\/\/www.capsule.hu\/az-ai-helyzete-a-magyar-kkv-szektorban\/#article","isPartOf":{"@id":"https:\/\/www.capsule.hu\/az-ai-helyzete-a-magyar-kkv-szektorban\/"},"author":{"name":"admin","@id":"https:\/\/www.capsule.hu\/#\/schema\/person\/156c2badf90f1348e08b705e2cd3fa38"},"headline":"Az AI helyzete a Magyar KKV szektorban","datePublished":"2025-07-16T15:55:43+00:00","mainEntityOfPage":{"@id":"https:\/\/www.capsule.hu\/az-ai-helyzete-a-magyar-kkv-szektorban\/"},"wordCount":917,"publisher":{"@id":"https:\/\/www.capsule.hu\/#organization"},"image":{"@id":"https:\/\/www.capsule.hu\/az-ai-helyzete-a-magyar-kkv-szektorban\/#primaryimage"},"thumbnailUrl":"https:\/\/www.capsule.hu\/wp-content\/uploads\/2025\/07\/image_ai_in_corp_1-1.png","articleSection":["Egy\u00e9b"],"inLanguage":"en-GB"},{"@type":"WebPage","@id":"https:\/\/www.capsule.hu\/az-ai-helyzete-a-magyar-kkv-szektorban\/","url":"https:\/\/www.capsule.hu\/az-ai-helyzete-a-magyar-kkv-szektorban\/","name":"Az AI helyzete a Magyar KKV szektorban - Capsule","isPartOf":{"@id":"https:\/\/www.capsule.hu\/#website"},"primaryImageOfPage":{"@id":"https:\/\/www.capsule.hu\/az-ai-helyzete-a-magyar-kkv-szektorban\/#primaryimage"},"image":{"@id":"https:\/\/www.capsule.hu\/az-ai-helyzete-a-magyar-kkv-szektorban\/#primaryimage"},"thumbnailUrl":"https:\/\/www.capsule.hu\/wp-content\/uploads\/2025\/07\/image_ai_in_corp_1-1.png","datePublished":"2025-07-16T15:55:43+00:00","breadcrumb":{"@id":"https:\/\/www.capsule.hu\/az-ai-helyzete-a-magyar-kkv-szektorban\/#breadcrumb"},"inLanguage":"en-GB","potentialAction":[{"@type":"ReadAction","target":["https:\/\/www.capsule.hu\/az-ai-helyzete-a-magyar-kkv-szektorban\/"]}]},{"@type":"ImageObject","inLanguage":"en-GB","@id":"https:\/\/www.capsule.hu\/az-ai-helyzete-a-magyar-kkv-szektorban\/#primaryimage","url":"https:\/\/www.capsule.hu\/wp-content\/uploads\/2025\/07\/image_ai_in_corp_1-1.png","contentUrl":"https:\/\/www.capsule.hu\/wp-content\/uploads\/2025\/07\/image_ai_in_corp_1-1.png","width":1024,"height":1024},{"@type":"BreadcrumbList","@id":"https:\/\/www.capsule.hu\/az-ai-helyzete-a-magyar-kkv-szektorban\/#breadcrumb","itemListElement":[{"@type":"ListItem","position":1,"name":"Home","item":"https:\/\/www.capsule.hu\/"},{"@type":"ListItem","position":2,"name":"Az AI helyzete a Magyar KKV szektorban"}]},{"@type":"WebSite","@id":"https:\/\/www.capsule.hu\/#website","url":"https:\/\/www.capsule.hu\/","name":"Capsule","description":"Smart solutions, encapsulated","publisher":{"@id":"https:\/\/www.capsule.hu\/#organization"},"potentialAction":[{"@type":"SearchAction","target":{"@type":"EntryPoint","urlTemplate":"https:\/\/www.capsule.hu\/?s={search_term_string}"},"query-input":{"@type":"PropertyValueSpecification","valueRequired":true,"valueName":"search_term_string"}}],"inLanguage":"en-GB"},{"@type":"Organization","@id":"https:\/\/www.capsule.hu\/#organization","name":"Capsule","url":"https:\/\/www.capsule.hu\/","logo":{"@type":"ImageObject","inLanguage":"en-GB","@id":"https:\/\/www.capsule.hu\/#\/schema\/logo\/image\/","url":"https:\/\/www.capsule.hu\/wp-content\/uploads\/2023\/12\/Capsule-1.png","contentUrl":"https:\/\/www.capsule.hu\/wp-content\/uploads\/2023\/12\/Capsule-1.png","width":519,"height":136,"caption":"Capsule"},"image":{"@id":"https:\/\/www.capsule.hu\/#\/schema\/logo\/image\/"}},{"@type":"Person","@id":"https:\/\/www.capsule.hu\/#\/schema\/person\/156c2badf90f1348e08b705e2cd3fa38","name":"admin","image":{"@type":"ImageObject","inLanguage":"en-GB","@id":"https:\/\/www.capsule.hu\/#\/schema\/person\/image\/","url":"https:\/\/secure.gravatar.com\/avatar\/e65a3511b5a9802fb5552e52d468242dc2c1b84dda51565701e83e3595c4499f?s=96&d=mm&r=g","contentUrl":"https:\/\/secure.gravatar.com\/avatar\/e65a3511b5a9802fb5552e52d468242dc2c1b84dda51565701e83e3595c4499f?s=96&d=mm&r=g","caption":"admin"},"sameAs":["https:\/\/www.capsule.hu"],"url":"https:\/\/www.capsule.hu\/en\/author\/admin\/"}]}},"_links":{"self":[{"href":"https:\/\/www.capsule.hu\/en\/wp-json\/wp\/v2\/posts\/2352","targetHints":{"allow":["GET"]}}],"collection":[{"href":"https:\/\/www.capsule.hu\/en\/wp-json\/wp\/v2\/posts"}],"about":[{"href":"https:\/\/www.capsule.hu\/en\/wp-json\/wp\/v2\/types\/post"}],"author":[{"embeddable":true,"href":"https:\/\/www.capsule.hu\/en\/wp-json\/wp\/v2\/users\/1"}],"replies":[{"embeddable":true,"href":"https:\/\/www.capsule.hu\/en\/wp-json\/wp\/v2\/comments?post=2352"}],"version-history":[{"count":2,"href":"https:\/\/www.capsule.hu\/en\/wp-json\/wp\/v2\/posts\/2352\/revisions"}],"predecessor-version":[{"id":2360,"href":"https:\/\/www.capsule.hu\/en\/wp-json\/wp\/v2\/posts\/2352\/revisions\/2360"}],"wp:featuredmedia":[{"embeddable":true,"href":"https:\/\/www.capsule.hu\/en\/wp-json\/wp\/v2\/media\/2358"}],"wp:attachment":[{"href":"https:\/\/www.capsule.hu\/en\/wp-json\/wp\/v2\/media?parent=2352"}],"wp:term":[{"taxonomy":"category","embeddable":true,"href":"https:\/\/www.capsule.hu\/en\/wp-json\/wp\/v2\/categories?post=2352"},{"taxonomy":"post_tag","embeddable":true,"href":"https:\/\/www.capsule.hu\/en\/wp-json\/wp\/v2\/tags?post=2352"}],"curies":[{"name":"wp","href":"https:\/\/api.w.org\/{rel}","templated":true}]}}