{"id":173,"date":"2025-04-28T16:14:08","date_gmt":"2025-04-28T14:14:08","guid":{"rendered":"https:\/\/www.capsule.hu\/?p=173"},"modified":"2025-06-15T14:14:23","modified_gmt":"2025-06-15T12:14:23","slug":"iot-szervezet","status":"publish","type":"post","link":"http:\/\/www.capsule.hu\/en\/iot-szervezet\/","title":{"rendered":"Hogyan forradalmas\u00edtja az IoT a szervezeti hat\u00e9konys\u00e1got?"},"content":{"rendered":"<p class=\"is-style-default\">Az Internet of Things (IoT) technol\u00f3gia rohamos fejl\u0151d\u00e9se alapjaiban v\u00e1ltoztatja meg a szervezetek m\u0171k\u00f6d\u00e9s\u00e9t \u00e9s hat\u00e9konys\u00e1g\u00e1t. Az IoT seg\u00edts\u00e9g\u00e9vel k\u00fcl\u00f6nb\u00f6z\u0151 eszk\u00f6z\u00f6k \u00e9s rendszerek intelligens h\u00e1l\u00f3zatba kapcsol\u00f3dnak, amely lehet\u0151v\u00e9 teszi az adatok val\u00f3s idej\u0171 gy\u0171jt\u00e9s\u00e9t, elemz\u00e9s\u00e9t \u00e9s felhaszn\u00e1l\u00e1s\u00e1t. Ez a technol\u00f3gia sz\u00e1mos el\u0151nnyel j\u00e1r, amelyek forradalmas\u00edtj\u00e1k a szervezetek m\u0171k\u00f6d\u00e9s\u00e9t.<br><\/p>\n\n\n\n<h2 class=\"wp-block-heading is-style-default\">1. Val\u00f3s idej\u0171 adatgy\u0171jt\u00e9s \u00e9s elemz\u00e9s<br><\/h2>\n\n\n\n<div class=\"wp-block-media-text is-stacked-on-mobile\"><figure class=\"wp-block-media-text__media\"><img loading=\"lazy\" decoding=\"async\" width=\"1024\" height=\"1024\" src=\"https:\/\/www.capsule.hu\/wp-content\/uploads\/2025\/04\/1.webp\" alt=\"\" class=\"wp-image-175 size-full\" srcset=\"https:\/\/www.capsule.hu\/wp-content\/uploads\/2025\/04\/1.webp 1024w, https:\/\/www.capsule.hu\/wp-content\/uploads\/2025\/04\/1-300x300.webp 300w, https:\/\/www.capsule.hu\/wp-content\/uploads\/2025\/04\/1-100x100.webp 100w, https:\/\/www.capsule.hu\/wp-content\/uploads\/2025\/04\/1-600x600.webp 600w, https:\/\/www.capsule.hu\/wp-content\/uploads\/2025\/04\/1-500x500.webp 500w, https:\/\/www.capsule.hu\/wp-content\/uploads\/2025\/04\/1-150x150.webp 150w, https:\/\/www.capsule.hu\/wp-content\/uploads\/2025\/04\/1-768x768.webp 768w\" sizes=\"auto, (max-width: 1024px) 100vw, 1024px\" \/><\/figure><div class=\"wp-block-media-text__content\">\n<p class=\"is-style-default\">Az IoT eszk\u00f6z\u00f6k k\u00e9pesek val\u00f3s idej\u0171 adatokat gy\u0171jteni a k\u00fcl\u00f6nb\u00f6z\u0151 folyamatokr\u00f3l \u00e9s rendszerekr\u0151l, mint p\u00e9ld\u00e1ul a gy\u00e1rt\u00f3sorok \u00e1llapot\u00e1r\u00f3l vagy a rakt\u00e1rk\u00e9szletekr\u0151l. P\u00e9ld\u00e1ul egy gy\u00e1rt\u00f3\u00fczem az IoT seg\u00edts\u00e9g\u00e9vel azonnal \u00e9szleli, ha egy g\u00e9p hib\u00e1san m\u0171k\u00f6dik, \u00e9s gyorsan int\u00e9zkedhet a probl\u00e9ma megold\u00e1s\u00e1r\u00f3l.<br><\/p>\n<\/div><\/div>\n\n\n\n<h2 class=\"wp-block-heading\">2. Predikt\u00edv karbantart\u00e1s<\/h2>\n\n\n\n<div class=\"wp-block-media-text has-media-on-the-right is-stacked-on-mobile\"><div class=\"wp-block-media-text__content\">\n<p>Az IoT technol\u00f3gia seg\u00edts\u00e9g\u00e9vel a v\u00e1llalatok el\u0151re jelezhetik a g\u00e9pek \u00e9s berendez\u00e9sek meghib\u00e1sod\u00e1sait. Az eszk\u00f6z\u00f6kbe be\u00e9p\u00edtett szenzorok folyamatosan monitorozz\u00e1k a m\u0171k\u00f6d\u00e9si param\u00e9tereket, \u00e9s figyelmeztetnek, ha valami rendelleneset \u00e9szlelnek. Ez lehet\u0151v\u00e9 teszi a predikt\u00edv karbantart\u00e1st, amely jelent\u0151sen cs\u00f6kkenti a v\u00e1ratlan le\u00e1ll\u00e1sok kock\u00e1zat\u00e1t.<br><\/p>\n<\/div><figure class=\"wp-block-media-text__media\"><img loading=\"lazy\" decoding=\"async\" width=\"1024\" height=\"1024\" src=\"https:\/\/www.capsule.hu\/wp-content\/uploads\/2025\/04\/2.webp\" alt=\"\" class=\"wp-image-176 size-full\" srcset=\"https:\/\/www.capsule.hu\/wp-content\/uploads\/2025\/04\/2.webp 1024w, https:\/\/www.capsule.hu\/wp-content\/uploads\/2025\/04\/2-300x300.webp 300w, https:\/\/www.capsule.hu\/wp-content\/uploads\/2025\/04\/2-100x100.webp 100w, https:\/\/www.capsule.hu\/wp-content\/uploads\/2025\/04\/2-600x600.webp 600w, https:\/\/www.capsule.hu\/wp-content\/uploads\/2025\/04\/2-500x500.webp 500w, https:\/\/www.capsule.hu\/wp-content\/uploads\/2025\/04\/2-150x150.webp 150w, https:\/\/www.capsule.hu\/wp-content\/uploads\/2025\/04\/2-768x768.webp 768w\" sizes=\"auto, (max-width: 1024px) 100vw, 1024px\" \/><\/figure><\/div>\n\n\n\n<h2 class=\"wp-block-heading\">3. Hat\u00e9konyabb logisztika \u00e9s k\u00e9szletkezel\u00e9s<\/h2>\n\n\n\n<div class=\"wp-block-media-text is-stacked-on-mobile\"><figure class=\"wp-block-media-text__media\"><img loading=\"lazy\" decoding=\"async\" width=\"1024\" height=\"1024\" src=\"https:\/\/www.capsule.hu\/wp-content\/uploads\/2025\/04\/3.webp\" alt=\"\" class=\"wp-image-177 size-full\" srcset=\"https:\/\/www.capsule.hu\/wp-content\/uploads\/2025\/04\/3.webp 1024w, https:\/\/www.capsule.hu\/wp-content\/uploads\/2025\/04\/3-300x300.webp 300w, https:\/\/www.capsule.hu\/wp-content\/uploads\/2025\/04\/3-100x100.webp 100w, https:\/\/www.capsule.hu\/wp-content\/uploads\/2025\/04\/3-600x600.webp 600w, https:\/\/www.capsule.hu\/wp-content\/uploads\/2025\/04\/3-500x500.webp 500w, https:\/\/www.capsule.hu\/wp-content\/uploads\/2025\/04\/3-150x150.webp 150w, https:\/\/www.capsule.hu\/wp-content\/uploads\/2025\/04\/3-768x768.webp 768w\" sizes=\"auto, (max-width: 1024px) 100vw, 1024px\" \/><\/figure><div class=\"wp-block-media-text__content\">\n<p>Az IoT alap\u00fa rendszerek lehet\u0151v\u00e9 teszik a logisztikai folyamatok \u00e9s a k\u00e9szletkezel\u00e9s optimaliz\u00e1l\u00e1s\u00e1t. P\u00e9ld\u00e1ul egy e-kereskedelmi c\u00e9g intelligens rakt\u00e1rai automatikusan nyomon k\u00f6vetik az \u00e1ruk mozg\u00e1s\u00e1t \u00e9s \u00e1llapot\u00e1t, \u00edgy minimaliz\u00e1lva az emberi hib\u00e1k lehet\u0151s\u00e9g\u00e9t. Az adatok alapj\u00e1n pontosabb k\u00e9szletgazd\u00e1lkod\u00e1si d\u00f6nt\u00e9sek hozhat\u00f3k, ami cs\u00f6kkenti a k\u00e9szletez\u00e9si k\u00f6lts\u00e9geket.<br><\/p>\n<\/div><\/div>\n\n\n\n<h2 class=\"wp-block-heading\">4. Jobb energiahat\u00e9konys\u00e1g<\/h2>\n\n\n\n<div class=\"wp-block-media-text has-media-on-the-right is-stacked-on-mobile\"><div class=\"wp-block-media-text__content\">\n<p>Az IoT technol\u00f3gia lehet\u0151v\u00e9 teszi az energiafelhaszn\u00e1l\u00e1s val\u00f3s idej\u0171 monitoroz\u00e1s\u00e1t \u00e9s optimaliz\u00e1l\u00e1s\u00e1t. Az intelligens \u00e9p\u00fcletmenedzsment rendszerek p\u00e9ld\u00e1ul automatikusan szab\u00e1lyozz\u00e1k a vil\u00e1g\u00edt\u00e1st, a f\u0171t\u00e9st \u00e9s a h\u0171t\u00e9st az aktu\u00e1lis ig\u00e9nyeknek megfelel\u0151en, cs\u00f6kkentve az energiafogyaszt\u00e1st \u00e9s a k\u00f6lts\u00e9geket.<br><\/p>\n<\/div><figure class=\"wp-block-media-text__media\"><img loading=\"lazy\" decoding=\"async\" width=\"1024\" height=\"1024\" src=\"https:\/\/www.capsule.hu\/wp-content\/uploads\/2025\/04\/4.webp\" alt=\"\" class=\"wp-image-178 size-full\" srcset=\"https:\/\/www.capsule.hu\/wp-content\/uploads\/2025\/04\/4.webp 1024w, https:\/\/www.capsule.hu\/wp-content\/uploads\/2025\/04\/4-300x300.webp 300w, https:\/\/www.capsule.hu\/wp-content\/uploads\/2025\/04\/4-100x100.webp 100w, https:\/\/www.capsule.hu\/wp-content\/uploads\/2025\/04\/4-600x600.webp 600w, https:\/\/www.capsule.hu\/wp-content\/uploads\/2025\/04\/4-500x500.webp 500w, https:\/\/www.capsule.hu\/wp-content\/uploads\/2025\/04\/4-150x150.webp 150w, https:\/\/www.capsule.hu\/wp-content\/uploads\/2025\/04\/4-768x768.webp 768w\" sizes=\"auto, (max-width: 1024px) 100vw, 1024px\" \/><\/figure><\/div>\n\n\n\n<h2 class=\"wp-block-heading\">5. N\u00f6vekv\u0151 rugalmass\u00e1g \u00e9s innov\u00e1ci\u00f3<\/h2>\n\n\n\n<div class=\"wp-block-media-text has-media-on-the-right is-stacked-on-mobile\"><div class=\"wp-block-media-text__content\">\n<p>Az IoT technol\u00f3gia alkalmaz\u00e1sa n\u00f6veli a szervezetek rugalmass\u00e1g\u00e1t \u00e9s innov\u00e1ci\u00f3s k\u00e9pess\u00e9g\u00e9t. Egy sz\u00e1ll\u00edtm\u00e1nyoz\u00e1si v\u00e1llalat p\u00e9ld\u00e1ul az IoT seg\u00edts\u00e9g\u00e9vel val\u00f3s id\u0151ben k\u00f6vetheti nyomon j\u00e1rm\u0171vei mozg\u00e1s\u00e1t, optimaliz\u00e1lva az \u00fatvonalakat \u00e9s cs\u00f6kkentve az \u00fczemanyag-felhaszn\u00e1l\u00e1st. Az adatok \u00e9s a val\u00f3s idej\u0171 elemz\u00e9sek seg\u00edts\u00e9g\u00e9vel a v\u00e1llalatok gyorsan alkalmazkodhatnak a v\u00e1ltoz\u00f3 piaci k\u00f6r\u00fclm\u00e9nyekhez.<br><br><\/p>\n<\/div><figure class=\"wp-block-media-text__media\"><img loading=\"lazy\" decoding=\"async\" width=\"1024\" height=\"1024\" src=\"https:\/\/www.capsule.hu\/wp-content\/uploads\/2025\/04\/4.webp\" alt=\"\" class=\"wp-image-178 size-full\" srcset=\"https:\/\/www.capsule.hu\/wp-content\/uploads\/2025\/04\/4.webp 1024w, https:\/\/www.capsule.hu\/wp-content\/uploads\/2025\/04\/4-300x300.webp 300w, https:\/\/www.capsule.hu\/wp-content\/uploads\/2025\/04\/4-100x100.webp 100w, https:\/\/www.capsule.hu\/wp-content\/uploads\/2025\/04\/4-600x600.webp 600w, https:\/\/www.capsule.hu\/wp-content\/uploads\/2025\/04\/4-500x500.webp 500w, https:\/\/www.capsule.hu\/wp-content\/uploads\/2025\/04\/4-150x150.webp 150w, https:\/\/www.capsule.hu\/wp-content\/uploads\/2025\/04\/4-768x768.webp 768w\" sizes=\"auto, (max-width: 1024px) 100vw, 1024px\" \/><\/figure><\/div>\n\n\n\n<p>Az IoT technol\u00f3gia forradalmas\u00edtja a szervezeti hat\u00e9konys\u00e1got, \u00e9s jelent\u0151s versenyel\u0151nyt biztos\u00edt azoknak a v\u00e1llalatoknak, amelyek k\u00e9pesek kihaszn\u00e1lni az ebben rejl\u0151 lehet\u0151s\u00e9geket. A val\u00f3s idej\u0171 adatok, a predikt\u00edv karbantart\u00e1s, a hat\u00e9konyabb logisztika, az energiahat\u00e9konys\u00e1g \u00e9s az innov\u00e1ci\u00f3 mind hozz\u00e1j\u00e1rulnak ahhoz, hogy a szervezetek sikeresebbek \u00e9s versenyk\u00e9pesebbek legyenek a gyorsan v\u00e1ltoz\u00f3 \u00fczleti k\u00f6rnyezetben.<br><\/p>","protected":false},"excerpt":{"rendered":"<p>Az Internet of Things (IoT) technol\u00f3gia rohamos fejl\u0151d\u00e9se alapjaiban v\u00e1ltoztatja meg a szervezetek m\u0171k\u00f6d\u00e9s\u00e9t \u00e9s hat\u00e9konys\u00e1g\u00e1t. Az IoT seg\u00edts\u00e9g\u00e9vel k\u00fcl\u00f6nb\u00f6z\u0151 eszk\u00f6z\u00f6k \u00e9s rendszerek intelligens h\u00e1l\u00f3zatba kapcsol\u00f3dnak, amely lehet\u0151v\u00e9 teszi az adatok val\u00f3s idej\u0171 gy\u0171jt\u00e9s\u00e9t, elemz\u00e9s\u00e9t \u00e9s felhaszn\u00e1l\u00e1s\u00e1t. Ez a technol\u00f3gia sz\u00e1mos el\u0151nnyel j\u00e1r, amelyek forradalmas\u00edtj\u00e1k a szervezetek m\u0171k\u00f6d\u00e9s\u00e9t. 1. Val\u00f3s idej\u0171 adatgy\u0171jt\u00e9s \u00e9s elemz\u00e9s Az [&hellip;]<\/p>","protected":false},"author":1,"featured_media":123,"comment_status":"closed","ping_status":"closed","sticky":false,"template":"","format":"standard","meta":{"_themeisle_gutenberg_block_has_review":false,"footnotes":""},"categories":[1],"tags":[],"class_list":["post-173","post","type-post","status-publish","format-standard","has-post-thumbnail","hentry","category-egyeb"],"blocksy_meta":[],"yoast_head":"<!-- This site is optimized with the Yoast SEO plugin v27.1.1 - https:\/\/yoast.com\/product\/yoast-seo-wordpress\/ -->\n<title>Hogyan forradalmas\u00edtja az IoT a szervezeti hat\u00e9konys\u00e1got? - Capsule<\/title>\n<meta name=\"description\" content=\"Fedezd fel, hogyan forradalmas\u00edtja az Internet of Things (IoT) technol\u00f3gia a szervezetek m\u0171k\u00f6d\u00e9s\u00e9t! Val\u00f3s idej\u0171 adatgy\u0171jt\u00e9s, predikt\u00edv karbantart\u00e1s, energiahat\u00e9konys\u00e1g \u00e9s logisztikai optimaliz\u00e1l\u00e1s r\u00e9v\u00e9n a v\u00e1llalatok rugalmasabb\u00e1, innovat\u00edvabb\u00e1 \u00e9s versenyk\u00e9pesebb\u00e9 v\u00e1lhatnak. Tudj meg t\u00f6bbet az IoT \u00fczleti el\u0151nyeir\u0151l!\" \/>\n<meta name=\"robots\" content=\"index, follow, max-snippet:-1, max-image-preview:large, max-video-preview:-1\" \/>\n<link rel=\"canonical\" href=\"https:\/\/www.capsule.hu\/en\/iot-szervezet\/\" \/>\n<meta property=\"og:locale\" content=\"en_GB\" \/>\n<meta property=\"og:type\" content=\"article\" \/>\n<meta property=\"og:title\" content=\"Hogyan forradalmas\u00edtja az IoT a szervezeti hat\u00e9konys\u00e1got? - Capsule\" \/>\n<meta property=\"og:description\" content=\"Fedezd fel, hogyan forradalmas\u00edtja az Internet of Things (IoT) technol\u00f3gia a szervezetek m\u0171k\u00f6d\u00e9s\u00e9t! Val\u00f3s idej\u0171 adatgy\u0171jt\u00e9s, predikt\u00edv karbantart\u00e1s, energiahat\u00e9konys\u00e1g \u00e9s logisztikai optimaliz\u00e1l\u00e1s r\u00e9v\u00e9n a v\u00e1llalatok rugalmasabb\u00e1, innovat\u00edvabb\u00e1 \u00e9s versenyk\u00e9pesebb\u00e9 v\u00e1lhatnak. Tudj meg t\u00f6bbet az IoT \u00fczleti el\u0151nyeir\u0151l!\" \/>\n<meta property=\"og:url\" content=\"https:\/\/www.capsule.hu\/en\/iot-szervezet\/\" \/>\n<meta property=\"og:site_name\" content=\"Capsule\" \/>\n<meta property=\"article:published_time\" content=\"2025-04-28T14:14:08+00:00\" \/>\n<meta property=\"article:modified_time\" content=\"2025-06-15T12:14:23+00:00\" \/>\n<meta property=\"og:image\" content=\"https:\/\/www.capsule.hu\/wp-content\/uploads\/2025\/04\/1.webp\" \/>\n\t<meta property=\"og:image:width\" content=\"1024\" \/>\n\t<meta property=\"og:image:height\" content=\"1024\" \/>\n\t<meta property=\"og:image:type\" content=\"image\/webp\" \/>\n<meta name=\"author\" content=\"admin\" \/>\n<meta name=\"twitter:card\" content=\"summary_large_image\" \/>\n<meta name=\"twitter:label1\" content=\"Written by\" \/>\n\t<meta name=\"twitter:data1\" content=\"admin\" \/>\n\t<meta name=\"twitter:label2\" content=\"Estimated reading time\" \/>\n\t<meta name=\"twitter:data2\" content=\"3 minutes\" \/>\n<script type=\"application\/ld+json\" class=\"yoast-schema-graph\">{\"@context\":\"https:\/\/schema.org\",\"@graph\":[{\"@type\":\"Article\",\"@id\":\"https:\/\/www.capsule.hu\/iot-szervezet\/#article\",\"isPartOf\":{\"@id\":\"https:\/\/www.capsule.hu\/iot-szervezet\/\"},\"author\":{\"name\":\"admin\",\"@id\":\"https:\/\/www.capsule.hu\/#\/schema\/person\/156c2badf90f1348e08b705e2cd3fa38\"},\"headline\":\"Hogyan forradalmas\u00edtja az IoT a szervezeti hat\u00e9konys\u00e1got?\",\"datePublished\":\"2025-04-28T14:14:08+00:00\",\"dateModified\":\"2025-06-15T12:14:23+00:00\",\"mainEntityOfPage\":{\"@id\":\"https:\/\/www.capsule.hu\/iot-szervezet\/\"},\"wordCount\":580,\"publisher\":{\"@id\":\"https:\/\/www.capsule.hu\/#organization\"},\"image\":{\"@id\":\"https:\/\/www.capsule.hu\/iot-szervezet\/#primaryimage\"},\"thumbnailUrl\":\"https:\/\/www.capsule.hu\/wp-content\/uploads\/2025\/03\/product9.webp\",\"articleSection\":[\"Egy\u00e9b\"],\"inLanguage\":\"en-GB\"},{\"@type\":\"WebPage\",\"@id\":\"https:\/\/www.capsule.hu\/iot-szervezet\/\",\"url\":\"https:\/\/www.capsule.hu\/iot-szervezet\/\",\"name\":\"Hogyan forradalmas\u00edtja az IoT a szervezeti hat\u00e9konys\u00e1got? - Capsule\",\"isPartOf\":{\"@id\":\"https:\/\/www.capsule.hu\/#website\"},\"primaryImageOfPage\":{\"@id\":\"https:\/\/www.capsule.hu\/iot-szervezet\/#primaryimage\"},\"image\":{\"@id\":\"https:\/\/www.capsule.hu\/iot-szervezet\/#primaryimage\"},\"thumbnailUrl\":\"https:\/\/www.capsule.hu\/wp-content\/uploads\/2025\/03\/product9.webp\",\"datePublished\":\"2025-04-28T14:14:08+00:00\",\"dateModified\":\"2025-06-15T12:14:23+00:00\",\"description\":\"Fedezd fel, hogyan forradalmas\u00edtja az Internet of Things (IoT) technol\u00f3gia a szervezetek m\u0171k\u00f6d\u00e9s\u00e9t! Val\u00f3s idej\u0171 adatgy\u0171jt\u00e9s, predikt\u00edv karbantart\u00e1s, energiahat\u00e9konys\u00e1g \u00e9s logisztikai optimaliz\u00e1l\u00e1s r\u00e9v\u00e9n a v\u00e1llalatok rugalmasabb\u00e1, innovat\u00edvabb\u00e1 \u00e9s versenyk\u00e9pesebb\u00e9 v\u00e1lhatnak. Tudj meg t\u00f6bbet az IoT \u00fczleti el\u0151nyeir\u0151l!\",\"breadcrumb\":{\"@id\":\"https:\/\/www.capsule.hu\/iot-szervezet\/#breadcrumb\"},\"inLanguage\":\"en-GB\",\"potentialAction\":[{\"@type\":\"ReadAction\",\"target\":[\"https:\/\/www.capsule.hu\/iot-szervezet\/\"]}]},{\"@type\":\"ImageObject\",\"inLanguage\":\"en-GB\",\"@id\":\"https:\/\/www.capsule.hu\/iot-szervezet\/#primaryimage\",\"url\":\"https:\/\/www.capsule.hu\/wp-content\/uploads\/2025\/03\/product9.webp\",\"contentUrl\":\"https:\/\/www.capsule.hu\/wp-content\/uploads\/2025\/03\/product9.webp\",\"width\":1344,\"height\":768},{\"@type\":\"BreadcrumbList\",\"@id\":\"https:\/\/www.capsule.hu\/iot-szervezet\/#breadcrumb\",\"itemListElement\":[{\"@type\":\"ListItem\",\"position\":1,\"name\":\"Home\",\"item\":\"https:\/\/www.capsule.hu\/\"},{\"@type\":\"ListItem\",\"position\":2,\"name\":\"Hogyan forradalmas\u00edtja az IoT a szervezeti hat\u00e9konys\u00e1got?\"}]},{\"@type\":\"WebSite\",\"@id\":\"https:\/\/www.capsule.hu\/#website\",\"url\":\"https:\/\/www.capsule.hu\/\",\"name\":\"Capsule\",\"description\":\"okos megold\u00e1sok, egy kapszul\u00e1ban\",\"publisher\":{\"@id\":\"https:\/\/www.capsule.hu\/#organization\"},\"potentialAction\":[{\"@type\":\"SearchAction\",\"target\":{\"@type\":\"EntryPoint\",\"urlTemplate\":\"https:\/\/www.capsule.hu\/?s={search_term_string}\"},\"query-input\":{\"@type\":\"PropertyValueSpecification\",\"valueRequired\":true,\"valueName\":\"search_term_string\"}}],\"inLanguage\":\"en-GB\"},{\"@type\":\"Organization\",\"@id\":\"https:\/\/www.capsule.hu\/#organization\",\"name\":\"Capsule\",\"url\":\"https:\/\/www.capsule.hu\/\",\"logo\":{\"@type\":\"ImageObject\",\"inLanguage\":\"en-GB\",\"@id\":\"https:\/\/www.capsule.hu\/#\/schema\/logo\/image\/\",\"url\":\"https:\/\/www.capsule.hu\/wp-content\/uploads\/2023\/12\/Capsule-1.png\",\"contentUrl\":\"https:\/\/www.capsule.hu\/wp-content\/uploads\/2023\/12\/Capsule-1.png\",\"width\":519,\"height\":136,\"caption\":\"Capsule\"},\"image\":{\"@id\":\"https:\/\/www.capsule.hu\/#\/schema\/logo\/image\/\"}},{\"@type\":\"Person\",\"@id\":\"https:\/\/www.capsule.hu\/#\/schema\/person\/156c2badf90f1348e08b705e2cd3fa38\",\"name\":\"admin\",\"image\":{\"@type\":\"ImageObject\",\"inLanguage\":\"en-GB\",\"@id\":\"https:\/\/www.capsule.hu\/#\/schema\/person\/image\/\",\"url\":\"https:\/\/secure.gravatar.com\/avatar\/e65a3511b5a9802fb5552e52d468242dc2c1b84dda51565701e83e3595c4499f?s=96&d=mm&r=g\",\"contentUrl\":\"https:\/\/secure.gravatar.com\/avatar\/e65a3511b5a9802fb5552e52d468242dc2c1b84dda51565701e83e3595c4499f?s=96&d=mm&r=g\",\"caption\":\"admin\"},\"sameAs\":[\"https:\/\/www.capsule.hu\"],\"url\":\"http:\/\/www.capsule.hu\/en\/author\/admin\/\"}]}<\/script>\n<!-- \/ Yoast SEO plugin. -->","yoast_head_json":{"title":"Hogyan forradalmas\u00edtja az IoT a szervezeti hat\u00e9konys\u00e1got? - Capsule","description":"Fedezd fel, hogyan forradalmas\u00edtja az Internet of Things (IoT) technol\u00f3gia a szervezetek m\u0171k\u00f6d\u00e9s\u00e9t! Val\u00f3s idej\u0171 adatgy\u0171jt\u00e9s, predikt\u00edv karbantart\u00e1s, energiahat\u00e9konys\u00e1g \u00e9s logisztikai optimaliz\u00e1l\u00e1s r\u00e9v\u00e9n a v\u00e1llalatok rugalmasabb\u00e1, innovat\u00edvabb\u00e1 \u00e9s versenyk\u00e9pesebb\u00e9 v\u00e1lhatnak. Tudj meg t\u00f6bbet az IoT \u00fczleti el\u0151nyeir\u0151l!","robots":{"index":"index","follow":"follow","max-snippet":"max-snippet:-1","max-image-preview":"max-image-preview:large","max-video-preview":"max-video-preview:-1"},"canonical":"https:\/\/www.capsule.hu\/en\/iot-szervezet\/","og_locale":"en_GB","og_type":"article","og_title":"Hogyan forradalmas\u00edtja az IoT a szervezeti hat\u00e9konys\u00e1got? - Capsule","og_description":"Fedezd fel, hogyan forradalmas\u00edtja az Internet of Things (IoT) technol\u00f3gia a szervezetek m\u0171k\u00f6d\u00e9s\u00e9t! Val\u00f3s idej\u0171 adatgy\u0171jt\u00e9s, predikt\u00edv karbantart\u00e1s, energiahat\u00e9konys\u00e1g \u00e9s logisztikai optimaliz\u00e1l\u00e1s r\u00e9v\u00e9n a v\u00e1llalatok rugalmasabb\u00e1, innovat\u00edvabb\u00e1 \u00e9s versenyk\u00e9pesebb\u00e9 v\u00e1lhatnak. Tudj meg t\u00f6bbet az IoT \u00fczleti el\u0151nyeir\u0151l!","og_url":"https:\/\/www.capsule.hu\/en\/iot-szervezet\/","og_site_name":"Capsule","article_published_time":"2025-04-28T14:14:08+00:00","article_modified_time":"2025-06-15T12:14:23+00:00","og_image":[{"width":1024,"height":1024,"url":"https:\/\/www.capsule.hu\/wp-content\/uploads\/2025\/04\/1.webp","type":"image\/webp"}],"author":"admin","twitter_card":"summary_large_image","twitter_misc":{"Written by":"admin","Estimated reading time":"3 minutes"},"schema":{"@context":"https:\/\/schema.org","@graph":[{"@type":"Article","@id":"https:\/\/www.capsule.hu\/iot-szervezet\/#article","isPartOf":{"@id":"https:\/\/www.capsule.hu\/iot-szervezet\/"},"author":{"name":"admin","@id":"https:\/\/www.capsule.hu\/#\/schema\/person\/156c2badf90f1348e08b705e2cd3fa38"},"headline":"Hogyan forradalmas\u00edtja az IoT a szervezeti hat\u00e9konys\u00e1got?","datePublished":"2025-04-28T14:14:08+00:00","dateModified":"2025-06-15T12:14:23+00:00","mainEntityOfPage":{"@id":"https:\/\/www.capsule.hu\/iot-szervezet\/"},"wordCount":580,"publisher":{"@id":"https:\/\/www.capsule.hu\/#organization"},"image":{"@id":"https:\/\/www.capsule.hu\/iot-szervezet\/#primaryimage"},"thumbnailUrl":"https:\/\/www.capsule.hu\/wp-content\/uploads\/2025\/03\/product9.webp","articleSection":["Egy\u00e9b"],"inLanguage":"en-GB"},{"@type":"WebPage","@id":"https:\/\/www.capsule.hu\/iot-szervezet\/","url":"https:\/\/www.capsule.hu\/iot-szervezet\/","name":"Hogyan forradalmas\u00edtja az IoT a szervezeti hat\u00e9konys\u00e1got? - Capsule","isPartOf":{"@id":"https:\/\/www.capsule.hu\/#website"},"primaryImageOfPage":{"@id":"https:\/\/www.capsule.hu\/iot-szervezet\/#primaryimage"},"image":{"@id":"https:\/\/www.capsule.hu\/iot-szervezet\/#primaryimage"},"thumbnailUrl":"https:\/\/www.capsule.hu\/wp-content\/uploads\/2025\/03\/product9.webp","datePublished":"2025-04-28T14:14:08+00:00","dateModified":"2025-06-15T12:14:23+00:00","description":"Fedezd fel, hogyan forradalmas\u00edtja az Internet of Things (IoT) technol\u00f3gia a szervezetek m\u0171k\u00f6d\u00e9s\u00e9t! Val\u00f3s idej\u0171 adatgy\u0171jt\u00e9s, predikt\u00edv karbantart\u00e1s, energiahat\u00e9konys\u00e1g \u00e9s logisztikai optimaliz\u00e1l\u00e1s r\u00e9v\u00e9n a v\u00e1llalatok rugalmasabb\u00e1, innovat\u00edvabb\u00e1 \u00e9s versenyk\u00e9pesebb\u00e9 v\u00e1lhatnak. Tudj meg t\u00f6bbet az IoT \u00fczleti el\u0151nyeir\u0151l!","breadcrumb":{"@id":"https:\/\/www.capsule.hu\/iot-szervezet\/#breadcrumb"},"inLanguage":"en-GB","potentialAction":[{"@type":"ReadAction","target":["https:\/\/www.capsule.hu\/iot-szervezet\/"]}]},{"@type":"ImageObject","inLanguage":"en-GB","@id":"https:\/\/www.capsule.hu\/iot-szervezet\/#primaryimage","url":"https:\/\/www.capsule.hu\/wp-content\/uploads\/2025\/03\/product9.webp","contentUrl":"https:\/\/www.capsule.hu\/wp-content\/uploads\/2025\/03\/product9.webp","width":1344,"height":768},{"@type":"BreadcrumbList","@id":"https:\/\/www.capsule.hu\/iot-szervezet\/#breadcrumb","itemListElement":[{"@type":"ListItem","position":1,"name":"Home","item":"https:\/\/www.capsule.hu\/"},{"@type":"ListItem","position":2,"name":"Hogyan forradalmas\u00edtja az IoT a szervezeti hat\u00e9konys\u00e1got?"}]},{"@type":"WebSite","@id":"https:\/\/www.capsule.hu\/#website","url":"https:\/\/www.capsule.hu\/","name":"Capsule","description":"Smart solutions, encapsulated","publisher":{"@id":"https:\/\/www.capsule.hu\/#organization"},"potentialAction":[{"@type":"SearchAction","target":{"@type":"EntryPoint","urlTemplate":"https:\/\/www.capsule.hu\/?s={search_term_string}"},"query-input":{"@type":"PropertyValueSpecification","valueRequired":true,"valueName":"search_term_string"}}],"inLanguage":"en-GB"},{"@type":"Organization","@id":"https:\/\/www.capsule.hu\/#organization","name":"Capsule","url":"https:\/\/www.capsule.hu\/","logo":{"@type":"ImageObject","inLanguage":"en-GB","@id":"https:\/\/www.capsule.hu\/#\/schema\/logo\/image\/","url":"https:\/\/www.capsule.hu\/wp-content\/uploads\/2023\/12\/Capsule-1.png","contentUrl":"https:\/\/www.capsule.hu\/wp-content\/uploads\/2023\/12\/Capsule-1.png","width":519,"height":136,"caption":"Capsule"},"image":{"@id":"https:\/\/www.capsule.hu\/#\/schema\/logo\/image\/"}},{"@type":"Person","@id":"https:\/\/www.capsule.hu\/#\/schema\/person\/156c2badf90f1348e08b705e2cd3fa38","name":"admin","image":{"@type":"ImageObject","inLanguage":"en-GB","@id":"https:\/\/www.capsule.hu\/#\/schema\/person\/image\/","url":"https:\/\/secure.gravatar.com\/avatar\/e65a3511b5a9802fb5552e52d468242dc2c1b84dda51565701e83e3595c4499f?s=96&d=mm&r=g","contentUrl":"https:\/\/secure.gravatar.com\/avatar\/e65a3511b5a9802fb5552e52d468242dc2c1b84dda51565701e83e3595c4499f?s=96&d=mm&r=g","caption":"admin"},"sameAs":["https:\/\/www.capsule.hu"],"url":"http:\/\/www.capsule.hu\/en\/author\/admin\/"}]}},"_links":{"self":[{"href":"http:\/\/www.capsule.hu\/en\/wp-json\/wp\/v2\/posts\/173","targetHints":{"allow":["GET"]}}],"collection":[{"href":"http:\/\/www.capsule.hu\/en\/wp-json\/wp\/v2\/posts"}],"about":[{"href":"http:\/\/www.capsule.hu\/en\/wp-json\/wp\/v2\/types\/post"}],"author":[{"embeddable":true,"href":"http:\/\/www.capsule.hu\/en\/wp-json\/wp\/v2\/users\/1"}],"replies":[{"embeddable":true,"href":"http:\/\/www.capsule.hu\/en\/wp-json\/wp\/v2\/comments?post=173"}],"version-history":[{"count":1,"href":"http:\/\/www.capsule.hu\/en\/wp-json\/wp\/v2\/posts\/173\/revisions"}],"predecessor-version":[{"id":179,"href":"http:\/\/www.capsule.hu\/en\/wp-json\/wp\/v2\/posts\/173\/revisions\/179"}],"wp:featuredmedia":[{"embeddable":true,"href":"http:\/\/www.capsule.hu\/en\/wp-json\/wp\/v2\/media\/123"}],"wp:attachment":[{"href":"http:\/\/www.capsule.hu\/en\/wp-json\/wp\/v2\/media?parent=173"}],"wp:term":[{"taxonomy":"category","embeddable":true,"href":"http:\/\/www.capsule.hu\/en\/wp-json\/wp\/v2\/categories?post=173"},{"taxonomy":"post_tag","embeddable":true,"href":"http:\/\/www.capsule.hu\/en\/wp-json\/wp\/v2\/tags?post=173"}],"curies":[{"name":"wp","href":"https:\/\/api.w.org\/{rel}","templated":true}]}}